{"id":59891,"date":"2025-02-01T09:00:00","date_gmt":"2025-02-01T08:00:00","guid":{"rendered":"https:\/\/ong-education.miix.dev\/bram-de-retour-au-senegal-soutien-a-une-ecole-de-la-seconde-chance-et-aux-jeunes-agriculteurs\/"},"modified":"2025-04-19T09:49:53","modified_gmt":"2025-04-19T07:49:53","slug":"bram-de-retour-au-senegal-soutien-a-une-ecole-de-la-seconde-chance-et-aux-jeunes-agriculteurs","status":"publish","type":"post","link":"https:\/\/ong-education.miix.dev\/fr\/bram-de-retour-au-senegal-soutien-a-une-ecole-de-la-seconde-chance-et-aux-jeunes-agriculteurs\/","title":{"rendered":"Bram de retour au S\u00e9n\u00e9gal : soutien \u00e0 une \u00e9cole de la seconde chance et aux jeunes agriculteurs"},"content":{"rendered":"\n<p>Ma premi\u00e8re semaine au S\u00e9n\u00e9gal est d\u00e9j\u00e0 termin\u00e9e, et j\u2019ai \u00e9t\u00e9 accueilli tr\u00e8s chaleureusement par tout le monde ici. C\u2019est toujours un plaisir de revenir et de voir tous ces visages souriants.<br\/>La semaine derni\u00e8re a \u00e9t\u00e9 consacr\u00e9e \u00e0 deux projets importants. Nous avons imm\u00e9diatement commenc\u00e9 avec l\u2019\u00e9cole de la seconde chance \u00e0 proximit\u00e9. Cette \u00e9cole priv\u00e9e a \u00e9t\u00e9 fond\u00e9e par des parents locaux id\u00e9alistes qui souhaitent offrir une nouvelle opportunit\u00e9 aux \u00e9l\u00e8ves ayant rencontr\u00e9 des difficult\u00e9s dans l\u2019enseignement r\u00e9gulier pour diverses raisons. Cr\u00e9\u00e9e il y a quelques ann\u00e9es, l\u2019\u00e9cole conna\u00eet une forte croissance du nombre d\u2019\u00e9l\u00e8ves, ce qui montre l\u2019ampleur du besoin. Malgr\u00e9 leurs moyens limit\u00e9s, les parents ont r\u00e9ussi \u00e0 construire quelques salles de classe. Nous allons les aider \u00e0 finaliser trois salles de classe et \u00e0 en construire trois suppl\u00e9mentaires \u00e0 l\u2019\u00e9tage. Les travaux ont d\u00e9but\u00e9 ce week-end !       <\/p>\n\n<p>Le deuxi\u00e8me projet concerne le soutien aux jeunes agriculteurs ayant termin\u00e9 leur formation, mais manquant des ressources n\u00e9cessaires pour investir dans le lancement de leur propre exploitation agricole. J\u2019ai visit\u00e9 un lyc\u00e9e agricole o\u00f9 j\u2019ai discut\u00e9 avec ces jeunes agriculteurs des moyens de les soutenir. Le d\u00e9veloppement de l\u2019agriculture et de l\u2019horticulture est crucial pour l\u2019avenir de cette r\u00e9gion et de tout le S\u00e9n\u00e9gal. J\u2019esp\u00e8re vous donner plus de nouvelles dans la prochaine newsletter !   <\/p>\n\n<figure class=\"wp-block-image aligncenter size-large\"><img loading=\"lazy\" decoding=\"async\" width=\"1024\" height=\"768\" src=\"https:\/\/ong-education.miix.dev\/wp-content\/uploads\/2025\/04\/bram_terug_in_Senegal_2-1024x768.jpg\" alt=\"\" class=\"wp-image-59878\" srcset=\"https:\/\/ong-education.miix.dev\/wp-content\/uploads\/2025\/04\/bram_terug_in_Senegal_2-1024x768.jpg 1024w, https:\/\/ong-education.miix.dev\/wp-content\/uploads\/2025\/04\/bram_terug_in_Senegal_2-300x225.jpg 300w, https:\/\/ong-education.miix.dev\/wp-content\/uploads\/2025\/04\/bram_terug_in_Senegal_2-768x576.jpg 768w, https:\/\/ong-education.miix.dev\/wp-content\/uploads\/2025\/04\/bram_terug_in_Senegal_2.jpg 1272w\" sizes=\"auto, (max-width: 1024px) 100vw, 1024px\" \/><\/figure>\n\n<p>Salutations chaleureuses de Bram depuis le S\u00e9n\u00e9gal, Michiel arrivera bient\u00f4t.<\/p>\n\n<p>Si vous souhaitez en savoir plus sur nos projets, visitez notre site web www.senegalstudieplan.nl.<\/p>\n\n<p>Si vous souhaitez faire un don, voici notre num\u00e9ro de compte bancaire : <strong>NL62 TRIO 0338 6548 28 <\/strong>au nom de la <strong>Stichting ONG Education<\/strong>.<\/p>\n","protected":false},"excerpt":{"rendered":"<p>Ma premi\u00e8re semaine au S\u00e9n\u00e9gal est d\u00e9j\u00e0 termin\u00e9e, et j\u2019ai \u00e9t\u00e9 accueilli tr\u00e8s chaleureusement par tout le monde ici. C\u2019est toujours un plaisir de revenir et de voir tous ces visages souriants.La semaine derni\u00e8re a \u00e9t\u00e9 consacr\u00e9e \u00e0 deux projets importants. Nous avons imm\u00e9diatement commenc\u00e9 avec l\u2019\u00e9cole de la seconde chance \u00e0 proximit\u00e9. Cette \u00e9cole priv\u00e9e a \u00e9t\u00e9 fond\u00e9e par&#8230;<\/p>\n","protected":false},"author":6,"featured_media":59877,"comment_status":"closed","ping_status":"closed","sticky":false,"template":"","format":"standard","meta":{"footnotes":""},"categories":[30],"tags":[],"class_list":{"0":"post-59891","1":"post","2":"type-post","3":"status-publish","4":"format-standard","5":"has-post-thumbnail","7":"category-blog-fr"},"_links":{"self":[{"href":"https:\/\/ong-education.miix.dev\/fr\/wp-json\/wp\/v2\/posts\/59891","targetHints":{"allow":["GET"]}}],"collection":[{"href":"https:\/\/ong-education.miix.dev\/fr\/wp-json\/wp\/v2\/posts"}],"about":[{"href":"https:\/\/ong-education.miix.dev\/fr\/wp-json\/wp\/v2\/types\/post"}],"author":[{"embeddable":true,"href":"https:\/\/ong-education.miix.dev\/fr\/wp-json\/wp\/v2\/users\/6"}],"replies":[{"embeddable":true,"href":"https:\/\/ong-education.miix.dev\/fr\/wp-json\/wp\/v2\/comments?post=59891"}],"version-history":[{"count":1,"href":"https:\/\/ong-education.miix.dev\/fr\/wp-json\/wp\/v2\/posts\/59891\/revisions"}],"predecessor-version":[{"id":59892,"href":"https:\/\/ong-education.miix.dev\/fr\/wp-json\/wp\/v2\/posts\/59891\/revisions\/59892"}],"wp:featuredmedia":[{"embeddable":true,"href":"https:\/\/ong-education.miix.dev\/fr\/wp-json\/wp\/v2\/media\/59877"}],"wp:attachment":[{"href":"https:\/\/ong-education.miix.dev\/fr\/wp-json\/wp\/v2\/media?parent=59891"}],"wp:term":[{"taxonomy":"category","embeddable":true,"href":"https:\/\/ong-education.miix.dev\/fr\/wp-json\/wp\/v2\/categories?post=59891"},{"taxonomy":"post_tag","embeddable":true,"href":"https:\/\/ong-education.miix.dev\/fr\/wp-json\/wp\/v2\/tags?post=59891"}],"curies":[{"name":"wp","href":"https:\/\/api.w.org\/{rel}","templated":true}]}}