{"id":2480,"date":"2021-04-07T14:36:00","date_gmt":"2021-04-07T12:36:00","guid":{"rendered":"https:\/\/ong-education.miix.dev\/op-excursie-naar-mlomp\/"},"modified":"2024-06-04T13:30:36","modified_gmt":"2024-06-04T11:30:36","slug":"op-excursie-naar-mlomp","status":"publish","type":"post","link":"https:\/\/ong-education.miix.dev\/fr\/op-excursie-naar-mlomp\/","title":{"rendered":"Op excursie naar Mlomp"},"content":{"rendered":"\n<p>Cette fois-ci, le voyage s&rsquo;est d\u00e9roul\u00e9 \u00e0 Mlomp, un village d&rsquo;environ 10 000 habitants, o\u00f9 presque tout le monde est catholique, ce qui est assez remarquable dans un pays \u00e0 95 % musulman. Le voyage \u00e9tait centr\u00e9 sur le projet Apte, qui organise des cours d&rsquo;entrepreneuriat dans les \u00e9coles secondaires. J&rsquo;ai \u00e9t\u00e9 accueillie par Fidel, l&rsquo;organisateur du projet Apte. Apr\u00e8s un d\u00e9jeuner pr\u00e9par\u00e9 par les \u00e9tudiants et compos\u00e9 de Poulet Yassa, la sp\u00e9cialit\u00e9 s\u00e9n\u00e9galaise, deux minibus sont arriv\u00e9s dans lesquels les \u00e9tudiants se sont entass\u00e9s. J&rsquo;ai pris place \u00e0 l&rsquo;arri\u00e8re de la moto de Fidel et nous avons donc roul\u00e9 en colonne jusqu&rsquo;\u00e0 l&rsquo;\u00e9cole d&rsquo;agriculture\/ferme annexe o\u00f9 se d\u00e9roulait l&rsquo;excursion cette fois-ci.<\/p>\n\n\n\n<div class=\"wp-block-image\"><figure class=\"aligncenter size-full\"><img loading=\"lazy\" decoding=\"async\" width=\"400\" height=\"300\" src=\"https:\/\/ong-education.miix.dev\/wp-content\/uploads\/2021\/10\/reis-_naar_Mlomp_opt.png\" alt=\"\" class=\"wp-image-1601\" srcset=\"https:\/\/ong-education.miix.dev\/wp-content\/uploads\/2021\/10\/reis-_naar_Mlomp_opt.png 400w, https:\/\/ong-education.miix.dev\/wp-content\/uploads\/2021\/10\/reis-_naar_Mlomp_opt-300x225.png 300w, https:\/\/ong-education.miix.dev\/wp-content\/uploads\/2021\/10\/reis-_naar_Mlomp_opt-100x75.png 100w\" sizes=\"auto, (max-width: 400px) 100vw, 400px\" \/><\/figure><\/div>\n\n\n\n<p>Dans le cadre du projet Apte, les \u00e9l\u00e8ves visitent chaque ann\u00e9e diff\u00e9rentes fermes de la r\u00e9gion afin de se faire une id\u00e9e de leur fonctionnement. La ferme est situ\u00e9e dans un endroit magnifique, au milieu des manguiers et des anacardiers. Le site compte 2 hectares de terres horticoles et on y \u00e9l\u00e8ve des bovins, des moutons, des porcs et des poulets. La combinaison ferme\/\u00e9cole offre aux \u00e9tudiants la possibilit\u00e9 de mettre leurs \u00e9tudes en pratique en travaillant dans le jardin et en s&rsquo;occupant des animaux. Ils apprennent \u00e9galement l&rsquo;esprit d&rsquo;entreprise en participant au processus de production.<\/p>\n\n\n\n<div class=\"wp-block-image\"><figure class=\"aligncenter size-full\"><img loading=\"lazy\" decoding=\"async\" width=\"400\" height=\"300\" src=\"https:\/\/ong-education.miix.dev\/wp-content\/uploads\/2021\/10\/reis-_naar_Mlomp_2_opt.png\" alt=\"\" class=\"wp-image-1603\" srcset=\"https:\/\/ong-education.miix.dev\/wp-content\/uploads\/2021\/10\/reis-_naar_Mlomp_2_opt.png 400w, https:\/\/ong-education.miix.dev\/wp-content\/uploads\/2021\/10\/reis-_naar_Mlomp_2_opt-300x225.png 300w, https:\/\/ong-education.miix.dev\/wp-content\/uploads\/2021\/10\/reis-_naar_Mlomp_2_opt-100x75.png 100w\" sizes=\"auto, (max-width: 400px) 100vw, 400px\" \/><\/figure><\/div>\n\n\n\n<p>Il s&rsquo;agit donc d&rsquo;une initiative formidable, mais malheureusement le nombre d&rsquo;\u00e9tudiants diminue chaque ann\u00e9e parce qu&rsquo;ils ne trouvent pas d&#8217;emploi \u00e0 la fin de leurs \u00e9tudes. Ils n&rsquo;ont tout simplement pas l&rsquo;argent n\u00e9cessaire pour r\u00e9aliser les investissements indispensables \u00e0 la cr\u00e9ation d&rsquo;une entreprise agricole. La terre n&rsquo;est g\u00e9n\u00e9ralement pas un probl\u00e8me, mais pour creuser un puits et cl\u00f4turer le jardin contre le b\u00e9tail errant, il n&rsquo;y a tout simplement pas d&rsquo;argent.<\/p>\n\n\n\n<p>Nous avons \u00e9galement visit\u00e9 une entreprise g\u00e9r\u00e9e par des femmes juste \u00e0 c\u00f4t\u00e9 de l&rsquo;\u00e9cole, o\u00f9 les produits agricoles sont transform\u00e9s en fruits secs, en confitures et en couscous, entre autres. La transformation de produits agricoles bruts en biens de consommation est une \u00e9tape importante pour les pays en d\u00e9veloppement qui veulent devenir ind\u00e9pendants de l&rsquo;Occident. La g\u00e9rante de la ferme explique qu&rsquo;au d\u00e9part, beaucoup plus de femmes participaient, mais qu&rsquo;un grand nombre d&rsquo;entre elles ont abandonn\u00e9 parce qu&rsquo;elles ne vendaient pas assez. Elle est ravie des 20 euros gagn\u00e9s gr\u00e2ce aux achats effectu\u00e9s par les \u00e9tudiants. Pour l&rsquo;instant, les produits ne sont vendus qu&rsquo;\u00e0 d&rsquo;autres villageois et une femme emporte occasionnellement quelques pots \u00e0 Dakar. Elles n&rsquo;ont aucune id\u00e9e de la mani\u00e8re d&rsquo;\u00e9largir leur zone de vente. J&rsquo;ai sugg\u00e9r\u00e9 d&rsquo;impliquer quelqu&rsquo;un qui conna\u00eet le march\u00e9. Ce serait bien que cette activit\u00e9 devienne rentable et se d\u00e9veloppe.<\/p>\n\n\n\n<p>Nous sommes de fervents partisans du projet Apte, car de nombreux probl\u00e8mes ici d\u00e9coulent d&rsquo;un manque de connaissances sur la mani\u00e8re de g\u00e9rer une entreprise. Il y a encore beaucoup de travail \u00e0 faire, mais ne voulons-nous pas tous que les gens puissent gagner leur vie ici, dans leur propre pays, et cesser de venir en Europe par n\u00e9cessit\u00e9 ?<\/p>\n\n\n\n<p>Votre soutien est le bienvenu.<\/p>\n\n\n\n<p><strong>NL62 TRIO 0338 6548 28 \u00e0 l&rsquo;attention de Stichting ONG Education<\/strong><\/p>\n","protected":false},"excerpt":{"rendered":"<p>Cette fois-ci, le voyage s&rsquo;est d\u00e9roul\u00e9 \u00e0 Mlomp, un village d&rsquo;environ 10 000 habitants, o\u00f9 presque tout le monde est catholique, ce qui est assez remarquable dans un pays \u00e0 95 % musulman. Le voyage \u00e9tait centr\u00e9 sur le projet Apte, qui organise des cours d&rsquo;entrepreneuriat dans les \u00e9coles secondaires. J&rsquo;ai \u00e9t\u00e9 accueillie par Fidel, l&rsquo;organisateur du projet Apte. Apr\u00e8s&#8230;<\/p>\n","protected":false},"author":6,"featured_media":1604,"comment_status":"closed","ping_status":"open","sticky":false,"template":"","format":"standard","meta":{"footnotes":""},"categories":[30],"tags":[],"class_list":{"0":"post-2480","1":"post","2":"type-post","3":"status-publish","4":"format-standard","5":"has-post-thumbnail","7":"category-blog-fr"},"_links":{"self":[{"href":"https:\/\/ong-education.miix.dev\/fr\/wp-json\/wp\/v2\/posts\/2480","targetHints":{"allow":["GET"]}}],"collection":[{"href":"https:\/\/ong-education.miix.dev\/fr\/wp-json\/wp\/v2\/posts"}],"about":[{"href":"https:\/\/ong-education.miix.dev\/fr\/wp-json\/wp\/v2\/types\/post"}],"author":[{"embeddable":true,"href":"https:\/\/ong-education.miix.dev\/fr\/wp-json\/wp\/v2\/users\/6"}],"replies":[{"embeddable":true,"href":"https:\/\/ong-education.miix.dev\/fr\/wp-json\/wp\/v2\/comments?post=2480"}],"version-history":[{"count":0,"href":"https:\/\/ong-education.miix.dev\/fr\/wp-json\/wp\/v2\/posts\/2480\/revisions"}],"wp:featuredmedia":[{"embeddable":true,"href":"https:\/\/ong-education.miix.dev\/fr\/wp-json\/wp\/v2\/media\/1604"}],"wp:attachment":[{"href":"https:\/\/ong-education.miix.dev\/fr\/wp-json\/wp\/v2\/media?parent=2480"}],"wp:term":[{"taxonomy":"category","embeddable":true,"href":"https:\/\/ong-education.miix.dev\/fr\/wp-json\/wp\/v2\/categories?post=2480"},{"taxonomy":"post_tag","embeddable":true,"href":"https:\/\/ong-education.miix.dev\/fr\/wp-json\/wp\/v2\/tags?post=2480"}],"curies":[{"name":"wp","href":"https:\/\/api.w.org\/{rel}","templated":true}]}}