{"id":2476,"date":"2020-05-20T16:07:00","date_gmt":"2020-05-20T14:07:00","guid":{"rendered":"https:\/\/ong-education.miix.dev\/des-moments-emouvants\/"},"modified":"2024-06-04T13:32:45","modified_gmt":"2024-06-04T11:32:45","slug":"des-moments-emouvants","status":"publish","type":"post","link":"https:\/\/ong-education.miix.dev\/fr\/des-moments-emouvants\/","title":{"rendered":"Des moments \u00e9mouvants"},"content":{"rendered":"\n<p><\/p>\n\n\n\n<figure class=\"wp-block-image size-large\"><img loading=\"lazy\" decoding=\"async\" width=\"203\" height=\"269\" src=\"https:\/\/ong-education.miix.dev\/wp-content\/uploads\/2020\/06\/w7hu7tj6.bmp\" alt=\"\" class=\"wp-image-781\"><\/figure>\n\n\n\n<p>Ce furent des moments \u00e9mouvants, en mars, lorsque le lockdown a \u00e9t\u00e9 d\u00e9clar\u00e9 aux Pays-Bas. Nous venions de passer deux semaines au S\u00e9n\u00e9gal. Les choses s&rsquo;acc\u00e9l\u00e8rent. Le S\u00e9n\u00e9gal a d\u00e9cid\u00e9 de fermer ses fronti\u00e8res. Les formateurs de Yep Africa*), qui \u00e9taient arriv\u00e9s en Gambie le 13 mars, sont presque imm\u00e9diatement rentr\u00e9s aux Pays-Bas, paniqu\u00e9s, le 16 mars ! La famille et les amis nous ont appel\u00e9 et envoy\u00e9 des courriels depuis l&rsquo;Europe. \u00ab\u00a0S&rsquo;il vous pla\u00eet, revenez, \u00e7a va compl\u00e8tement mal en Afrique\u00a0\u00bb. Het zou een megaramp worden voor Afrika, miljoenen mensen zouden overlijden. Que faire ? Nous n&rsquo;avons pas eu beaucoup de temps pour y r\u00e9fl\u00e9chir. Michiel est parti pour la Gambie avec un de nos amis le jeudi 19 mars et, avec beaucoup d&rsquo;art et de vol, il a pu prendre un dernier vol pour les Pays-Bas le 21 mars. Quelques jours plus tard, les fronti\u00e8res de la Gambie ont \u00e9galement \u00e9t\u00e9 ferm\u00e9es.<\/p>\n\n\n\n<div class=\"wp-block-image\"><figure class=\"alignright is-resized\"><img loading=\"lazy\" decoding=\"async\" src=\"https:\/\/ong-education.miix.dev\/wp-content\/uploads\/2020\/06\/xb0lkice.bmp\" alt=\"\" class=\"wp-image-787\" width=\"218\" height=\"292\"><\/figure><\/div>\n\n\n\n<p>J&rsquo;ai d\u00e9cid\u00e9 de rester, malgr\u00e9 toutes les proph\u00e9ties de malheur en provenance d&rsquo;Europe. J&rsquo;avais confiance dans la capacit\u00e9 de l&rsquo;Afrique \u00e0 s&rsquo;en sortir. D&rsquo;ailleurs, nous venions d&rsquo;acheter huit ordinateurs \u00e0 Dakar, les ouvriers avaient commenc\u00e9 \u00e0 r\u00e9nover les quatre salles de classe. Il fallait bien que quelqu&rsquo;un reste ici pour superviser les travaux. Et oui, j&rsquo;ai eu des moments de doute et d&rsquo;incertitude, mais je ne voulais pas me laisser guider par mes peurs.<\/p>\n\n\n\n<p>Et en effet, les sc\u00e9narios catastrophes ne se sont pas concr\u00e9tis\u00e9s. Le gouvernement s\u00e9n\u00e9galais a r\u00e9agi rapidement et de mani\u00e8re appropri\u00e9e \u00e0 la situation, \u00e9vitant ainsi une catastrophe. La fermeture de la fronti\u00e8re \u00e9tait une bonne mesure car les infections venaient d&rsquo;Europe. Les voyages entre d\u00e9partements ont \u00e9t\u00e9 interdits et, soudain, des plateaux d&rsquo;eau et des flacons de gel pour les mains ont \u00e9t\u00e9 plac\u00e9s partout dans les magasins et aux guichets automatiques. Un poste m\u00e9dical a \u00e9t\u00e9 install\u00e9 \u00e0 l&rsquo;entr\u00e9e du village, o\u00f9 l&rsquo;on prend la temp\u00e9rature de chacun. Les tests sont nombreux et les personnes infect\u00e9es sont imm\u00e9diatement mises en quarantaine. Jusqu&rsquo;\u00e0 pr\u00e9sent, seules 24 personnes au S\u00e9n\u00e9gal sont mortes des effets du Covid 19. C&rsquo;est tr\u00e8s sp\u00e9cial d&rsquo;\u00eatre ici \u00e0 ce moment pr\u00e9cis et de vivre ces \u00e9v\u00e9nements avec les Africains et c&rsquo;est bon de voir que, malgr\u00e9 toutes les pr\u00e9dictions, ils s&rsquo;en sortent beaucoup mieux que l&rsquo;Europe. Un peu triomphants, ils notent que \u00ab\u00a0l&rsquo;Europe s&rsquo;inqui\u00e8te pour nous, mais nous nous inqui\u00e9tons davantage pour l&rsquo;Europe\u00a0\u00bb.<\/p>\n\n\n\n<div class=\"wp-block-image\"><figure class=\"alignleft is-resized\"><img loading=\"lazy\" decoding=\"async\" src=\"https:\/\/ong-education.miix.dev\/wp-content\/uploads\/2020\/06\/m44u3mxl.bmp\" alt=\"\" class=\"wp-image-783\" width=\"268\" height=\"200\"><\/figure><\/div>\n\n\n\n<p>Les travaux sont maintenant termin\u00e9s. Quatre salles de classe ont d\u00e9sormais fi\u00e8re allure, avec des murs blancs comme neige, des pupitres remis \u00e0 neuf et des tableaux noirs polis. Tous les ordinateurs sont connect\u00e9s \u00e0 Internet et \u00e0 l&rsquo;imprimante centrale, et la salle d&rsquo;informatique et la biblioth\u00e8que sont \u00e0 pr\u00e9sent enti\u00e8rement meubl\u00e9es. L&rsquo;\u00e9cole a \u00e9t\u00e9 temporairement ferm\u00e9e en raison de la crise, mais elle rouvrira le 2 juin. Les \u00e9l\u00e8ves recevront alors des cours d&rsquo;informatique de la part d&rsquo;un jeune homme enthousiaste qui g\u00e9rera \u00e9galement la biblioth\u00e8que. Son hobby est la lecture et son objectif est d&rsquo;y int\u00e9resser les \u00e9l\u00e8ves.<\/p>\n\n\n\n<div class=\"wp-block-image\"><figure class=\"aligncenter is-resized\"><img loading=\"lazy\" decoding=\"async\" src=\"https:\/\/ong-education.miix.dev\/wp-content\/uploads\/2020\/06\/k2nkj0b5.bmp\" alt=\"\" class=\"wp-image-785\" width=\"283\" height=\"212\"><\/figure><\/div>\n\n\n\n<p>Ainsi, malgr\u00e9 toutes les difficult\u00e9s, ce fut une p\u00e9riode fantastique pour Senegal Studieplan, et ce, principalement gr\u00e2ce \u00e0 vos contributions financi\u00e8res. Gr\u00e2ce \u00e0 vous, nous pouvons offrir aux 450 \u00e9l\u00e8ves de l&rsquo;\u00e9cole de meilleures chances pour l&rsquo;avenir, car l&rsquo;\u00e9cole est maintenant l&rsquo;une des meilleures du d\u00e9partement ! Les \u00e9l\u00e8ves sont fiers de leur \u00e9cole.<\/p>\n\n\n\n<div class=\"wp-block-image\"><figure class=\"alignright is-resized\"><img loading=\"lazy\" decoding=\"async\" src=\"https:\/\/ong-education.miix.dev\/wp-content\/uploads\/2020\/06\/asxsnuic.bmp\" alt=\"\" class=\"wp-image-789\" width=\"223\" height=\"167\"><\/figure><\/div>\n\n\n\n<p>Il reste maintenant la construction du terrain de sport que nous n&rsquo;avons pas encore pu r\u00e9aliser. Ce sera notre objectif pour l&rsquo;ann\u00e9e prochaine.<\/p>\n","protected":false},"excerpt":{"rendered":"<p>Ce furent des moments \u00e9mouvants, en mars, lorsque le lockdown a \u00e9t\u00e9 d\u00e9clar\u00e9 aux Pays-Bas. Nous venions de passer deux semaines au S\u00e9n\u00e9gal. Les choses s&rsquo;acc\u00e9l\u00e8rent. Le S\u00e9n\u00e9gal a d\u00e9cid\u00e9 de fermer ses fronti\u00e8res. Les formateurs de Yep Africa*), qui \u00e9taient arriv\u00e9s en Gambie le 13 mars, sont presque imm\u00e9diatement rentr\u00e9s aux Pays-Bas, paniqu\u00e9s, le 16 mars ! La famille&#8230;<\/p>\n","protected":false},"author":6,"featured_media":807,"comment_status":"closed","ping_status":"open","sticky":false,"template":"","format":"standard","meta":{"footnotes":""},"categories":[30],"tags":[],"class_list":{"0":"post-2476","1":"post","2":"type-post","3":"status-publish","4":"format-standard","5":"has-post-thumbnail","7":"category-blog-fr"},"_links":{"self":[{"href":"https:\/\/ong-education.miix.dev\/fr\/wp-json\/wp\/v2\/posts\/2476","targetHints":{"allow":["GET"]}}],"collection":[{"href":"https:\/\/ong-education.miix.dev\/fr\/wp-json\/wp\/v2\/posts"}],"about":[{"href":"https:\/\/ong-education.miix.dev\/fr\/wp-json\/wp\/v2\/types\/post"}],"author":[{"embeddable":true,"href":"https:\/\/ong-education.miix.dev\/fr\/wp-json\/wp\/v2\/users\/6"}],"replies":[{"embeddable":true,"href":"https:\/\/ong-education.miix.dev\/fr\/wp-json\/wp\/v2\/comments?post=2476"}],"version-history":[{"count":0,"href":"https:\/\/ong-education.miix.dev\/fr\/wp-json\/wp\/v2\/posts\/2476\/revisions"}],"wp:featuredmedia":[{"embeddable":true,"href":"https:\/\/ong-education.miix.dev\/fr\/wp-json\/wp\/v2\/media\/807"}],"wp:attachment":[{"href":"https:\/\/ong-education.miix.dev\/fr\/wp-json\/wp\/v2\/media?parent=2476"}],"wp:term":[{"taxonomy":"category","embeddable":true,"href":"https:\/\/ong-education.miix.dev\/fr\/wp-json\/wp\/v2\/categories?post=2476"},{"taxonomy":"post_tag","embeddable":true,"href":"https:\/\/ong-education.miix.dev\/fr\/wp-json\/wp\/v2\/tags?post=2476"}],"curies":[{"name":"wp","href":"https:\/\/api.w.org\/{rel}","templated":true}]}}