{"id":2448,"date":"2023-03-19T07:06:00","date_gmt":"2023-03-19T06:06:00","guid":{"rendered":"https:\/\/ong-education.miix.dev\/laide-au-developpement-fonctionne-vraiment\/"},"modified":"2024-06-04T14:16:21","modified_gmt":"2024-06-04T12:16:21","slug":"laide-au-developpement-fonctionne-vraiment","status":"publish","type":"post","link":"https:\/\/ong-education.miix.dev\/fr\/laide-au-developpement-fonctionne-vraiment\/","title":{"rendered":"L&rsquo;aide au d\u00e9veloppement fonctionne vraiment"},"content":{"rendered":"\n<p><strong>En Europe, on entend souvent dire que l&rsquo;aide au d\u00e9veloppement est un gaspillage d&rsquo;argent, qu\u2019on ne prend pas soin de ce qui a \u00e9t\u00e9 fait et que, lorsque l&rsquo;on revient quelques ann\u00e9es plus tard, il s&rsquo;av\u00e8re que tout a \u00e9chou\u00e9. Nos exp\u00e9riences sont tr\u00e8s diff\u00e9rentes.<\/strong><\/p>\n\n\n\n<figure class=\"wp-block-image aligncenter size-large is-resized\"><img loading=\"lazy\" decoding=\"async\" src=\"https:\/\/ong-education.miix.dev\/wp-content\/uploads\/2023\/03\/siganar_2-1024x1024.jpg\" alt=\"\" class=\"wp-image-2377\" width=\"570\" height=\"570\" srcset=\"https:\/\/ong-education.miix.dev\/wp-content\/uploads\/2023\/03\/siganar_2-1024x1024.jpg 1024w, https:\/\/ong-education.miix.dev\/wp-content\/uploads\/2023\/03\/siganar_2-300x300.jpg 300w, https:\/\/ong-education.miix.dev\/wp-content\/uploads\/2023\/03\/siganar_2-150x150.jpg 150w, https:\/\/ong-education.miix.dev\/wp-content\/uploads\/2023\/03\/siganar_2-768x768.jpg 768w, https:\/\/ong-education.miix.dev\/wp-content\/uploads\/2023\/03\/siganar_2-1536x1536.jpg 1536w, https:\/\/ong-education.miix.dev\/wp-content\/uploads\/2023\/03\/siganar_2-2048x2048.jpg 2048w, https:\/\/ong-education.miix.dev\/wp-content\/uploads\/2023\/03\/siganar_2-100x100.jpg 100w, https:\/\/ong-education.miix.dev\/wp-content\/uploads\/2023\/03\/siganar_2-140x140.jpg 140w, https:\/\/ong-education.miix.dev\/wp-content\/uploads\/2023\/03\/siganar_2-500x500.jpg 500w, https:\/\/ong-education.miix.dev\/wp-content\/uploads\/2023\/03\/siganar_2-350x350.jpg 350w, https:\/\/ong-education.miix.dev\/wp-content\/uploads\/2023\/03\/siganar_2-1000x1000.jpg 1000w, https:\/\/ong-education.miix.dev\/wp-content\/uploads\/2023\/03\/siganar_2-800x800.jpg 800w\" sizes=\"auto, (max-width: 570px) 100vw, 570px\" \/><\/figure>\n\n\n\n<p>Il y a quelques semaines, nous avons revisit\u00e9 le coll\u00e8ge de Siganar, situ\u00e9e dans une zone rurale \u00e0 environ 40 kilom\u00e8tres de Cap Skirring. Cette \u00e9cole compte environ 250 \u00e9l\u00e8ves et dispose d&rsquo;un terrain de 9 hectares. Dans le cadre d&rsquo;un projet d&rsquo;entreprise, les \u00e9l\u00e8ves entretiennent un jardin potager ensemble avec les enseignants, chaque classe se voyant attribuer son propre terrain sur lequel elle peut cultiver ce qu&rsquo;elle veut. L&rsquo;objectif est de leur permettre d&rsquo;apprendre l&rsquo;esprit d&rsquo;entreprise tout en ma\u00eetrisant les principes de l&rsquo;horticulture. En outre, le jardin fournit une riche production de fruits et de l\u00e9gumes. Les \u00e9l\u00e8ves peuvent d\u00e9penser une partie des recettes pour une cause commune, telle qu&rsquo;une f\u00eate de classe.<\/p>\n\n\n\n<div class=\"wp-block-columns is-layout-flex wp-container-core-columns-is-layout-9d6595d7 wp-block-columns-is-layout-flex\">\n<div class=\"wp-block-column is-layout-flow wp-block-column-is-layout-flow\">\n<p>Lorsque nous sommes arriv\u00e9s ici, il y a quelques ann\u00e9es, l&rsquo;\u00e9cole avait un gros probl\u00e8me d&rsquo;eau. Le puits existant n&rsquo;\u00e9tait pas assez profond et, de plus, l&rsquo;eau devait \u00eatre puis\u00e9e avec un seau, ce qui est un processus long et laborieux. La bananeraie \u00e9tait en piteux \u00e9tat et le champ utilis\u00e9 pour le potager \u00e9tait tr\u00e8s limit\u00e9. <\/p>\n\n\n\n<p>Gr\u00e2ce \u00e0 votre soutien, nous avons pu r\u00e9aliser un projet pour cette \u00e9cole l&rsquo;ann\u00e9e derni\u00e8re : approfondissement du puits, construction d&rsquo;un ch\u00e2teau d&rsquo;eau et de deux bassins et achat d&rsquo;une pompe \u00e0 eau solaire.<\/p>\n<\/div>\n\n\n\n<div class=\"wp-block-column is-vertically-aligned-center is-layout-flow wp-block-column-is-layout-flow\">\n<figure class=\"wp-block-image aligncenter size-full is-resized\"><img loading=\"lazy\" decoding=\"async\" src=\"https:\/\/ong-education.miix.dev\/wp-content\/uploads\/2022\/02\/siganar_1_opt-rotated.jpg\" alt=\"\" class=\"wp-image-2137\" width=\"180\" height=\"320\" srcset=\"https:\/\/ong-education.miix.dev\/wp-content\/uploads\/2022\/02\/siganar_1_opt-rotated.jpg 225w, https:\/\/ong-education.miix.dev\/wp-content\/uploads\/2022\/02\/siganar_1_opt-169x300.jpg 169w\" sizes=\"auto, (max-width: 180px) 100vw, 180px\" \/><\/figure>\n<\/div>\n<\/div>\n\n\n\n<p>Les retrouvailles ont \u00e9t\u00e9 chaleureuses. Quelle diff\u00e9rence ! Le directeur de l&rsquo;\u00e9cole, Victor Emanuel, nous a fait visiter les lieux avec fiert\u00e9. Les \u00e9l\u00e8ves s&rsquo;affairent dans les jardins potagers, la bananeraie a doubl\u00e9 de taille et l&rsquo;\u00e9cole a d\u00e9frich\u00e9 un nouveau terrain pour y cultiver des piments, une activit\u00e9 tr\u00e8s lucrative selon Victor Emanuel. L&rsquo;\u00e9cole envisage maintenant d&rsquo;utiliser les recettes du jardin pour cr\u00e9er une cantine scolaire o\u00f9 les repas seront pr\u00e9par\u00e9s \u00e0 partir des produits du jardin. Ce serait une am\u00e9lioration consid\u00e9rable qui permettrait aux \u00e9l\u00e8ves de rester \u00e0 l&rsquo;\u00e9cole \u00e0 l&rsquo;heure du d\u00e9jeuner et de ne plus avoir \u00e0 parcourir les kilom\u00e8tres qui les s\u00e9parent souvent de leur domicile. Nous serons heureux de revenir l&rsquo;ann\u00e9e prochaine lorsque la cantine sera en place.<\/p>\n\n\n\n<p>Cliquez sur le lien ci-dessous pour voir le vid\u00e9o https:\/\/www.youtube.com\/watch?v=AcE076TifG0<\/p>\n\n\n\n<figure class=\"wp-block-embed is-type-video is-provider-youtube wp-block-embed-youtube wp-embed-aspect-16-9 wp-has-aspect-ratio\"><div class=\"wp-block-embed__wrapper\">\n<iframe loading=\"lazy\" title=\"Bram interview Principal school Siganar\" width=\"1080\" height=\"608\" src=\"https:\/\/www.youtube.com\/embed\/AcE076TifG0?feature=oembed\" frameborder=\"0\" allow=\"accelerometer; autoplay; clipboard-write; encrypted-media; gyroscope; picture-in-picture; web-share\" allowfullscreen><\/iframe>\n<\/div><\/figure>\n\n\n\n<p>Meilleures salutations Michiel van den Bergh et Bram Poldervaart<\/p>\n\n\n\n<p>Pour plus d&rsquo;informations sur nos projets, veuillez consulter le site <a href=\"http:\/\/www.senegalstudieplan.nl.\">www.senegalstudieplan.nl.<\/a> Et si vous souhaitez toujours faire une contribution, notre num\u00e9ro de banque IBAN est <strong>NL62 TRIO 0338 6548 28<\/strong> au nom de <strong>Stichting ONG Education<\/strong><\/p>\n","protected":false},"excerpt":{"rendered":"<p>En Europe, on entend souvent dire que l&rsquo;aide au d\u00e9veloppement est un gaspillage d&rsquo;argent, qu\u2019on ne prend pas soin de ce qui a \u00e9t\u00e9 fait et que, lorsque l&rsquo;on revient quelques ann\u00e9es plus tard, il s&rsquo;av\u00e8re que tout a \u00e9chou\u00e9. Nos exp\u00e9riences sont tr\u00e8s diff\u00e9rentes. Il y a quelques semaines, nous avons revisit\u00e9 le coll\u00e8ge de Siganar, situ\u00e9e dans une&#8230;<\/p>\n","protected":false},"author":6,"featured_media":2372,"comment_status":"closed","ping_status":"closed","sticky":false,"template":"","format":"standard","meta":{"footnotes":""},"categories":[29],"tags":[],"class_list":{"0":"post-2448","1":"post","2":"type-post","3":"status-publish","4":"format-standard","5":"has-post-thumbnail","7":"category-blog-siganar-fr"},"_links":{"self":[{"href":"https:\/\/ong-education.miix.dev\/fr\/wp-json\/wp\/v2\/posts\/2448","targetHints":{"allow":["GET"]}}],"collection":[{"href":"https:\/\/ong-education.miix.dev\/fr\/wp-json\/wp\/v2\/posts"}],"about":[{"href":"https:\/\/ong-education.miix.dev\/fr\/wp-json\/wp\/v2\/types\/post"}],"author":[{"embeddable":true,"href":"https:\/\/ong-education.miix.dev\/fr\/wp-json\/wp\/v2\/users\/6"}],"replies":[{"embeddable":true,"href":"https:\/\/ong-education.miix.dev\/fr\/wp-json\/wp\/v2\/comments?post=2448"}],"version-history":[{"count":0,"href":"https:\/\/ong-education.miix.dev\/fr\/wp-json\/wp\/v2\/posts\/2448\/revisions"}],"wp:featuredmedia":[{"embeddable":true,"href":"https:\/\/ong-education.miix.dev\/fr\/wp-json\/wp\/v2\/media\/2372"}],"wp:attachment":[{"href":"https:\/\/ong-education.miix.dev\/fr\/wp-json\/wp\/v2\/media?parent=2448"}],"wp:term":[{"taxonomy":"category","embeddable":true,"href":"https:\/\/ong-education.miix.dev\/fr\/wp-json\/wp\/v2\/categories?post=2448"},{"taxonomy":"post_tag","embeddable":true,"href":"https:\/\/ong-education.miix.dev\/fr\/wp-json\/wp\/v2\/tags?post=2448"}],"curies":[{"name":"wp","href":"https:\/\/api.w.org\/{rel}","templated":true}]}}